{"id":15109,"date":"2022-10-10T12:24:20","date_gmt":"2022-10-10T10:24:20","guid":{"rendered":"https:\/\/finncult.be\/?p=15109"},"modified":"2022-10-10T12:52:43","modified_gmt":"2022-10-10T10:52:43","slug":"invitation-to-collaborate-with-the-european-capital-of-culture-oulu2026","status":"publish","type":"post","link":"https:\/\/finncult.be\/fr\/invitation-to-collaborate-with-the-european-capital-of-culture-oulu2026\/","title":{"rendered":"Invitation to collaborate with the European Capital of Culture Oulu2026"},"content":{"rendered":"<h2><span class=\"JsGRdQ\">Meet and greet our partner Oulu2026<\/span><\/h2>\n<p><span class=\"JsGRdQ\">The City of Oulu in Northern Finland and the Finnish Cultural Institute for the Benelux have the pleasure to invite you to the office of the Finnish Cultural Institute for the Benelux to hear more about the European Capital of Culture, Oulu2026, and explore potential international collaboration opportunities for the Oulu2026 programme.\u00a0Meet and greet our partner Oulu2026 with a glass of wine and nibbles.<\/span><\/p>\n<p>&nbsp;<\/p>\n<h2>International cooperation<\/h2>\n<p><span class=\"JsGRdQ\">The European Capital of Culture, Oulu2026 is seeking partners to become part of the capital of culture programme in 2026. The <\/span><a class=\"JsGRdQ\" draggable=\"false\" href=\"https:\/\/oulu2026.eu\/wp-content\/uploads\/2022\/09\/guide_for_applicants_final.pdf\" target=\"_blank\" rel=\"noopener\">Open Call 2022<\/a><span class=\"JsGRdQ\"> is aimed at large-scale projects that require longer preparation and production time.<\/span><\/p>\n<p>The goal of Oulu2026 is to achieve a permanent Cultural Climate Change and to use culture to fuel positive development in Northern Finland. The Oulu2026 programme is built around three programme themes: Wild City, Cool Contrasts and Brave Hinterland. All Open Call proposals should relate to these themes.<\/p>\n<p>&nbsp;<\/p>\n<h2><span class=\"JsGRdQ\">Practical Info:<\/span><\/h2>\n<p><span class=\"JsGRdQ\">Date and Time: Thursday, 27 October 2022, 16:00-18:00<\/span><span class=\"JsGRdQ\">: CET\u00a0<\/span><\/p>\n<p><span class=\"JsGRdQ\">Venue: The Finnish Cultural Institute for the Benelux, Rue de l\u2019 Arbre 14\/3, 1000 Brussels, Belgium<\/span><\/p>\n<p><span class=\"JsGRdQ\">Accessibility: The building is centrally located in Brussels. Our office is on the third floor. You can find<\/span><a class=\"JsGRdQ\" draggable=\"false\" href=\"https:\/\/finncult.be\/institute\/accessibility\/\" target=\"_blank\" rel=\"noopener\"> more information about accessibility<\/a><span class=\"JsGRdQ\"> on our website. Please feel free to reach out to us by phone or email if you have any questions about accessibility. +32 468 15 56 72, info@finncult.be<\/span><\/p>\n<p>&nbsp;<\/p>\n<h3><\/h3>\n<h3><strong><a class=\"JsGRdQ\" draggable=\"false\" href=\"https:\/\/forms.gle\/4oRYHPv2C6TjR6Uw6\" target=\"_blank\" rel=\"noopener\">RSVP<\/a><\/strong><\/h3>\n<p>&nbsp;<\/p>\n<p><em><span class=\"JsGRdQ\">The Finnish Cultural Institute for the Benelux builds bridges between cultural practitioners and institutions in Finland and the Benelux region. We foster new creative collaboration and topical international initiatives.<\/span><\/em><\/p>\n","protected":false},"excerpt":{"rendered":"<p>Join us 27 October in Brussels, to explore potential collaboration opportunities with the City of Oulu in Northern Finland selected the European Capital of Culture 2026.<\/p>\n","protected":false},"author":8,"featured_media":15110,"comment_status":"open","ping_status":"closed","sticky":false,"template":"","format":"standard","meta":{"_acf_changed":false,"_et_pb_use_builder":"","_et_pb_old_content":"","_et_gb_content_width":"","inline_featured_image":false,"footnotes":""},"categories":[69],"tags":[],"class_list":["post-15109","post","type-post","status-publish","format-standard","has-post-thumbnail","hentry","category-events"],"acf":[],"yoast_head":"<!-- This site is optimized with the Yoast SEO plugin v27.4 - https:\/\/yoast.com\/product\/yoast-seo-wordpress\/ -->\n<title>Invitation to collaborate with the European Capital of Culture Oulu2026 - Finnish Cultural Institute for the Benelux<\/title>\n<meta name=\"description\" content=\"Join us on the 27th of October in Brussels, to explore potential collaboration opportunities with the European Capital of Culture, Oulu2026.\" \/>\n<meta name=\"robots\" content=\"index, follow, max-snippet:-1, max-image-preview:large, max-video-preview:-1\" \/>\n<link rel=\"canonical\" href=\"https:\/\/finncult.be\/invitation-to-collaborate-with-the-european-capital-of-culture-oulu2026\/\" \/>\n<meta property=\"og:locale\" content=\"fr_FR\" \/>\n<meta property=\"og:type\" content=\"article\" \/>\n<meta property=\"og:title\" content=\"Invitation to collaborate with the European Capital of Culture Oulu2026 - Finnish Cultural Institute for the Benelux\" \/>\n<meta property=\"og:description\" content=\"Join us on the 27th of October in Brussels, to explore potential collaboration opportunities with the European Capital of Culture, Oulu2026.\" \/>\n<meta property=\"og:url\" content=\"https:\/\/finncult.be\/invitation-to-collaborate-with-the-european-capital-of-culture-oulu2026\/\" \/>\n<meta property=\"og:site_name\" content=\"Finnish Cultural Institute for the Benelux\" \/>\n<meta property=\"article:published_time\" content=\"2022-10-10T10:24:20+00:00\" \/>\n<meta property=\"article:modified_time\" content=\"2022-10-10T10:52:43+00:00\" \/>\n<meta property=\"og:image\" content=\"https:\/\/finncult.be\/wp-content\/uploads\/2022\/10\/Ilmakitaran-MM_The-AirGuitarWorldChampionships_KuvaajaSannaKrook-828x552.jpg\" \/>\n\t<meta property=\"og:image:width\" content=\"828\" \/>\n\t<meta property=\"og:image:height\" content=\"552\" \/>\n\t<meta property=\"og:image:type\" content=\"image\/jpeg\" \/>\n<meta name=\"author\" content=\"ela\" \/>\n<meta name=\"twitter:card\" content=\"summary_large_image\" \/>\n<meta name=\"twitter:label1\" content=\"\u00c9crit par\" \/>\n\t<meta name=\"twitter:data1\" content=\"ela\" \/>\n\t<meta name=\"twitter:label2\" content=\"Dur\u00e9e de lecture estim\u00e9e\" \/>\n\t<meta name=\"twitter:data2\" content=\"2 minutes\" \/>\n<script type=\"application\/ld+json\" class=\"yoast-schema-graph\">{\"@context\":\"https:\\\/\\\/schema.org\",\"@graph\":[{\"@type\":\"Article\",\"@id\":\"https:\\\/\\\/finncult.be\\\/invitation-to-collaborate-with-the-european-capital-of-culture-oulu2026\\\/#article\",\"isPartOf\":{\"@id\":\"https:\\\/\\\/finncult.be\\\/invitation-to-collaborate-with-the-european-capital-of-culture-oulu2026\\\/\"},\"author\":{\"name\":\"ela\",\"@id\":\"https:\\\/\\\/finncult.be\\\/#\\\/schema\\\/person\\\/fa146ccbc5378170f4f459e7dc496c7c\"},\"headline\":\"Invitation to collaborate with the European Capital of Culture Oulu2026\",\"datePublished\":\"2022-10-10T10:24:20+00:00\",\"dateModified\":\"2022-10-10T10:52:43+00:00\",\"mainEntityOfPage\":{\"@id\":\"https:\\\/\\\/finncult.be\\\/invitation-to-collaborate-with-the-european-capital-of-culture-oulu2026\\\/\"},\"wordCount\":269,\"commentCount\":0,\"image\":{\"@id\":\"https:\\\/\\\/finncult.be\\\/invitation-to-collaborate-with-the-european-capital-of-culture-oulu2026\\\/#primaryimage\"},\"thumbnailUrl\":\"https:\\\/\\\/finncult.be\\\/wp-content\\\/uploads\\\/2022\\\/10\\\/Ilmakitaran-MM_The-AirGuitarWorldChampionships_KuvaajaSannaKrook.jpg\",\"articleSection\":[\"Events\"],\"inLanguage\":\"fr-FR\",\"potentialAction\":[{\"@type\":\"CommentAction\",\"name\":\"Comment\",\"target\":[\"https:\\\/\\\/finncult.be\\\/invitation-to-collaborate-with-the-european-capital-of-culture-oulu2026\\\/#respond\"]}]},{\"@type\":\"WebPage\",\"@id\":\"https:\\\/\\\/finncult.be\\\/invitation-to-collaborate-with-the-european-capital-of-culture-oulu2026\\\/\",\"url\":\"https:\\\/\\\/finncult.be\\\/invitation-to-collaborate-with-the-european-capital-of-culture-oulu2026\\\/\",\"name\":\"Invitation to collaborate with the European Capital of Culture Oulu2026 - Finnish Cultural Institute for the Benelux\",\"isPartOf\":{\"@id\":\"https:\\\/\\\/finncult.be\\\/#website\"},\"primaryImageOfPage\":{\"@id\":\"https:\\\/\\\/finncult.be\\\/invitation-to-collaborate-with-the-european-capital-of-culture-oulu2026\\\/#primaryimage\"},\"image\":{\"@id\":\"https:\\\/\\\/finncult.be\\\/invitation-to-collaborate-with-the-european-capital-of-culture-oulu2026\\\/#primaryimage\"},\"thumbnailUrl\":\"https:\\\/\\\/finncult.be\\\/wp-content\\\/uploads\\\/2022\\\/10\\\/Ilmakitaran-MM_The-AirGuitarWorldChampionships_KuvaajaSannaKrook.jpg\",\"datePublished\":\"2022-10-10T10:24:20+00:00\",\"dateModified\":\"2022-10-10T10:52:43+00:00\",\"author\":{\"@id\":\"https:\\\/\\\/finncult.be\\\/#\\\/schema\\\/person\\\/fa146ccbc5378170f4f459e7dc496c7c\"},\"description\":\"Join us on the 27th of October in Brussels, to explore potential collaboration opportunities with the European Capital of Culture, Oulu2026.\",\"breadcrumb\":{\"@id\":\"https:\\\/\\\/finncult.be\\\/invitation-to-collaborate-with-the-european-capital-of-culture-oulu2026\\\/#breadcrumb\"},\"inLanguage\":\"fr-FR\",\"potentialAction\":[{\"@type\":\"ReadAction\",\"target\":[\"https:\\\/\\\/finncult.be\\\/invitation-to-collaborate-with-the-european-capital-of-culture-oulu2026\\\/\"]}]},{\"@type\":\"ImageObject\",\"inLanguage\":\"fr-FR\",\"@id\":\"https:\\\/\\\/finncult.be\\\/invitation-to-collaborate-with-the-european-capital-of-culture-oulu2026\\\/#primaryimage\",\"url\":\"https:\\\/\\\/finncult.be\\\/wp-content\\\/uploads\\\/2022\\\/10\\\/Ilmakitaran-MM_The-AirGuitarWorldChampionships_KuvaajaSannaKrook.jpg\",\"contentUrl\":\"https:\\\/\\\/finncult.be\\\/wp-content\\\/uploads\\\/2022\\\/10\\\/Ilmakitaran-MM_The-AirGuitarWorldChampionships_KuvaajaSannaKrook.jpg\",\"width\":2500,\"height\":1667,\"caption\":\"Ilmakitaran MM-finaali Rotuaarilla 23.8.2019. The Air Guitar World Championships is a celebration of love and peace \u2013 the culmination of the world-wide season of air guitar gathers only the best to the battle in Oulu, already for the 24th time in August 2019\"},{\"@type\":\"BreadcrumbList\",\"@id\":\"https:\\\/\\\/finncult.be\\\/invitation-to-collaborate-with-the-european-capital-of-culture-oulu2026\\\/#breadcrumb\",\"itemListElement\":[{\"@type\":\"ListItem\",\"position\":1,\"name\":\"Home\",\"item\":\"https:\\\/\\\/finncult.be\\\/fr\\\/\"},{\"@type\":\"ListItem\",\"position\":2,\"name\":\"Invitation to collaborate with the European Capital of Culture Oulu2026\"}]},{\"@type\":\"WebSite\",\"@id\":\"https:\\\/\\\/finncult.be\\\/#website\",\"url\":\"https:\\\/\\\/finncult.be\\\/\",\"name\":\"Finnish Cultural Institute for the Benelux\",\"description\":\"Finnish Cultural Institute for the Benelux\",\"potentialAction\":[{\"@type\":\"SearchAction\",\"target\":{\"@type\":\"EntryPoint\",\"urlTemplate\":\"https:\\\/\\\/finncult.be\\\/?s={search_term_string}\"},\"query-input\":{\"@type\":\"PropertyValueSpecification\",\"valueRequired\":true,\"valueName\":\"search_term_string\"}}],\"inLanguage\":\"fr-FR\"},{\"@type\":\"Person\",\"@id\":\"https:\\\/\\\/finncult.be\\\/#\\\/schema\\\/person\\\/fa146ccbc5378170f4f459e7dc496c7c\",\"name\":\"ela\",\"url\":\"https:\\\/\\\/finncult.be\\\/fr\\\/author\\\/ela\\\/\"}]}<\/script>\n<!-- \/ Yoast SEO plugin. -->","yoast_head_json":{"title":"Invitation to collaborate with the European Capital of Culture Oulu2026 - Finnish Cultural Institute for the Benelux","description":"Join us on the 27th of October in Brussels, to explore potential collaboration opportunities with the European Capital of Culture, Oulu2026.","robots":{"index":"index","follow":"follow","max-snippet":"max-snippet:-1","max-image-preview":"max-image-preview:large","max-video-preview":"max-video-preview:-1"},"canonical":"https:\/\/finncult.be\/invitation-to-collaborate-with-the-european-capital-of-culture-oulu2026\/","og_locale":"fr_FR","og_type":"article","og_title":"Invitation to collaborate with the European Capital of Culture Oulu2026 - Finnish Cultural Institute for the Benelux","og_description":"Join us on the 27th of October in Brussels, to explore potential collaboration opportunities with the European Capital of Culture, Oulu2026.","og_url":"https:\/\/finncult.be\/invitation-to-collaborate-with-the-european-capital-of-culture-oulu2026\/","og_site_name":"Finnish Cultural Institute for the Benelux","article_published_time":"2022-10-10T10:24:20+00:00","article_modified_time":"2022-10-10T10:52:43+00:00","og_image":[{"width":828,"height":552,"url":"https:\/\/finncult.be\/wp-content\/uploads\/2022\/10\/Ilmakitaran-MM_The-AirGuitarWorldChampionships_KuvaajaSannaKrook-828x552.jpg","type":"image\/jpeg"}],"author":"ela","twitter_card":"summary_large_image","twitter_misc":{"\u00c9crit par":"ela","Dur\u00e9e de lecture estim\u00e9e":"2 minutes"},"schema":{"@context":"https:\/\/schema.org","@graph":[{"@type":"Article","@id":"https:\/\/finncult.be\/invitation-to-collaborate-with-the-european-capital-of-culture-oulu2026\/#article","isPartOf":{"@id":"https:\/\/finncult.be\/invitation-to-collaborate-with-the-european-capital-of-culture-oulu2026\/"},"author":{"name":"ela","@id":"https:\/\/finncult.be\/#\/schema\/person\/fa146ccbc5378170f4f459e7dc496c7c"},"headline":"Invitation to collaborate with the European Capital of Culture Oulu2026","datePublished":"2022-10-10T10:24:20+00:00","dateModified":"2022-10-10T10:52:43+00:00","mainEntityOfPage":{"@id":"https:\/\/finncult.be\/invitation-to-collaborate-with-the-european-capital-of-culture-oulu2026\/"},"wordCount":269,"commentCount":0,"image":{"@id":"https:\/\/finncult.be\/invitation-to-collaborate-with-the-european-capital-of-culture-oulu2026\/#primaryimage"},"thumbnailUrl":"https:\/\/finncult.be\/wp-content\/uploads\/2022\/10\/Ilmakitaran-MM_The-AirGuitarWorldChampionships_KuvaajaSannaKrook.jpg","articleSection":["Events"],"inLanguage":"fr-FR","potentialAction":[{"@type":"CommentAction","name":"Comment","target":["https:\/\/finncult.be\/invitation-to-collaborate-with-the-european-capital-of-culture-oulu2026\/#respond"]}]},{"@type":"WebPage","@id":"https:\/\/finncult.be\/invitation-to-collaborate-with-the-european-capital-of-culture-oulu2026\/","url":"https:\/\/finncult.be\/invitation-to-collaborate-with-the-european-capital-of-culture-oulu2026\/","name":"Invitation to collaborate with the European Capital of Culture Oulu2026 - Finnish Cultural Institute for the Benelux","isPartOf":{"@id":"https:\/\/finncult.be\/#website"},"primaryImageOfPage":{"@id":"https:\/\/finncult.be\/invitation-to-collaborate-with-the-european-capital-of-culture-oulu2026\/#primaryimage"},"image":{"@id":"https:\/\/finncult.be\/invitation-to-collaborate-with-the-european-capital-of-culture-oulu2026\/#primaryimage"},"thumbnailUrl":"https:\/\/finncult.be\/wp-content\/uploads\/2022\/10\/Ilmakitaran-MM_The-AirGuitarWorldChampionships_KuvaajaSannaKrook.jpg","datePublished":"2022-10-10T10:24:20+00:00","dateModified":"2022-10-10T10:52:43+00:00","author":{"@id":"https:\/\/finncult.be\/#\/schema\/person\/fa146ccbc5378170f4f459e7dc496c7c"},"description":"Join us on the 27th of October in Brussels, to explore potential collaboration opportunities with the European Capital of Culture, Oulu2026.","breadcrumb":{"@id":"https:\/\/finncult.be\/invitation-to-collaborate-with-the-european-capital-of-culture-oulu2026\/#breadcrumb"},"inLanguage":"fr-FR","potentialAction":[{"@type":"ReadAction","target":["https:\/\/finncult.be\/invitation-to-collaborate-with-the-european-capital-of-culture-oulu2026\/"]}]},{"@type":"ImageObject","inLanguage":"fr-FR","@id":"https:\/\/finncult.be\/invitation-to-collaborate-with-the-european-capital-of-culture-oulu2026\/#primaryimage","url":"https:\/\/finncult.be\/wp-content\/uploads\/2022\/10\/Ilmakitaran-MM_The-AirGuitarWorldChampionships_KuvaajaSannaKrook.jpg","contentUrl":"https:\/\/finncult.be\/wp-content\/uploads\/2022\/10\/Ilmakitaran-MM_The-AirGuitarWorldChampionships_KuvaajaSannaKrook.jpg","width":2500,"height":1667,"caption":"Ilmakitaran MM-finaali Rotuaarilla 23.8.2019. The Air Guitar World Championships is a celebration of love and peace \u2013 the culmination of the world-wide season of air guitar gathers only the best to the battle in Oulu, already for the 24th time in August 2019"},{"@type":"BreadcrumbList","@id":"https:\/\/finncult.be\/invitation-to-collaborate-with-the-european-capital-of-culture-oulu2026\/#breadcrumb","itemListElement":[{"@type":"ListItem","position":1,"name":"Home","item":"https:\/\/finncult.be\/fr\/"},{"@type":"ListItem","position":2,"name":"Invitation to collaborate with the European Capital of Culture Oulu2026"}]},{"@type":"WebSite","@id":"https:\/\/finncult.be\/#website","url":"https:\/\/finncult.be\/","name":"Finnish Cultural Institute for the Benelux","description":"Finnish Cultural Institute for the Benelux","potentialAction":[{"@type":"SearchAction","target":{"@type":"EntryPoint","urlTemplate":"https:\/\/finncult.be\/?s={search_term_string}"},"query-input":{"@type":"PropertyValueSpecification","valueRequired":true,"valueName":"search_term_string"}}],"inLanguage":"fr-FR"},{"@type":"Person","@id":"https:\/\/finncult.be\/#\/schema\/person\/fa146ccbc5378170f4f459e7dc496c7c","name":"ela","url":"https:\/\/finncult.be\/fr\/author\/ela\/"}]}},"_links":{"self":[{"href":"https:\/\/finncult.be\/fr\/wp-json\/wp\/v2\/posts\/15109","targetHints":{"allow":["GET"]}}],"collection":[{"href":"https:\/\/finncult.be\/fr\/wp-json\/wp\/v2\/posts"}],"about":[{"href":"https:\/\/finncult.be\/fr\/wp-json\/wp\/v2\/types\/post"}],"author":[{"embeddable":true,"href":"https:\/\/finncult.be\/fr\/wp-json\/wp\/v2\/users\/8"}],"replies":[{"embeddable":true,"href":"https:\/\/finncult.be\/fr\/wp-json\/wp\/v2\/comments?post=15109"}],"version-history":[{"count":11,"href":"https:\/\/finncult.be\/fr\/wp-json\/wp\/v2\/posts\/15109\/revisions"}],"predecessor-version":[{"id":15149,"href":"https:\/\/finncult.be\/fr\/wp-json\/wp\/v2\/posts\/15109\/revisions\/15149"}],"wp:featuredmedia":[{"embeddable":true,"href":"https:\/\/finncult.be\/fr\/wp-json\/wp\/v2\/media\/15110"}],"wp:attachment":[{"href":"https:\/\/finncult.be\/fr\/wp-json\/wp\/v2\/media?parent=15109"}],"wp:term":[{"taxonomy":"category","embeddable":true,"href":"https:\/\/finncult.be\/fr\/wp-json\/wp\/v2\/categories?post=15109"},{"taxonomy":"post_tag","embeddable":true,"href":"https:\/\/finncult.be\/fr\/wp-json\/wp\/v2\/tags?post=15109"}],"curies":[{"name":"wp","href":"https:\/\/api.w.org\/{rel}","templated":true}]}}